{"id":2044,"date":"2022-01-27T13:14:12","date_gmt":"2022-01-27T13:14:12","guid":{"rendered":"http:\/\/nkknin.hr\/?p=2044"},"modified":"2022-01-27T13:14:14","modified_gmt":"2022-01-27T13:14:14","slug":"knjiznica-objavila-godisnjak-grada-knina-za-2021-godinu","status":"publish","type":"post","link":"https:\/\/nkknin.hr\/index.php\/2022\/01\/27\/knjiznica-objavila-godisnjak-grada-knina-za-2021-godinu\/","title":{"rendered":"Knji\u017enica objavila Godi\u0161njak grada Knina za 2021. godinu"},"content":{"rendered":"\n<figure class=\"wp-block-gallery columns-1 is-cropped\"><ul class=\"blocks-gallery-grid\"><li class=\"blocks-gallery-item\"><figure><img loading=\"lazy\" width=\"628\" height=\"896\" src=\"http:\/\/nkknin.hr\/wp-content\/uploads\/2022\/01\/godisnjak.png\" alt=\"\" data-id=\"2045\" data-full-url=\"http:\/\/nkknin.hr\/wp-content\/uploads\/2022\/01\/godisnjak.png\" data-link=\"http:\/\/nkknin.hr\/?attachment_id=2045\" class=\"wp-image-2045\" srcset=\"https:\/\/nkknin.hr\/wp-content\/uploads\/2022\/01\/godisnjak.png 628w, https:\/\/nkknin.hr\/wp-content\/uploads\/2022\/01\/godisnjak-210x300.png 210w, https:\/\/nkknin.hr\/wp-content\/uploads\/2022\/01\/godisnjak-350x500.png 350w\" sizes=\"(max-width: 628px) 100vw, 628px\" \/><\/figure><\/li><\/ul><\/figure>\n\n\n\n<p>Narodna knji\u017enica Knin objavila je novi broj serijske publikacije Godi\u0161njak grada Knina. Rije\u010d je o godi\u0161njaku za 2021. godinu, a mo\u017eete ga preuzeti u PDF formatu na na\u0161oj stranici.<\/p>\n\n\n\n<p>Na 279 stranica godi\u0161njak donosi pregled 2021. godine kroz 11 poglavlja: Rad gradske uprave, Dru\u0161tvo, Politika, Izbori, Infrastruktura, Gospodarstvo i turizam, Zdravstvo i socijalna skrb, Odgoj i obrazovanje, Kultura, Sport, Crna kronika.<\/p>\n\n\n\n<p>Glavni urednik je Ivica \u0160imi\u0107, a grafi\u010dki Mi\u0107o Samard\u017eija.<\/p>\n\n\n\n<p>Godi\u0161njak grada Knina u nakladi Narodne knji\u017enice Knin je serijska publikacija koja izlazi jednom godi\u0161nje kao mre\u017eno izdanje na internet stranici Narodne knji\u017enice Knin i uvr\u0161tena je u me\u0111unarodni upisnik serijskih publikacija. Jedini gradovi u Hrvatskoj koji imaju svoj godi\u0161njak su Knin i Koprivnica.<\/p>\n\n\n\n<p>Sve dosada\u0161nje godi\u0161njake, a ukupno ih je osam, mo\u017eete preuzeti na na\u0161oj stranici.<\/p>\n","protected":false},"excerpt":{"rendered":"<p>Narodna knji\u017enica Knin objavila je novi broj serijske publikacije Godi\u0161njak grada Knina. Rije\u010d je o godi\u0161njaku za 2021. godinu, a mo\u017eete ga preuzeti u PDF formatu na na\u0161oj stranici. Na 279 stranica godi\u0161njak donosi pregled 2021. godine kroz 11 poglavlja: Rad gradske uprave, Dru\u0161tvo, Politika, Izbori, Infrastruktura, Gospodarstvo i turizam, Zdravstvo i socijalna skrb, Odgoj [&hellip;]<\/p>\n","protected":false},"author":1,"featured_media":0,"comment_status":"open","ping_status":"open","sticky":false,"template":"","format":"standard","meta":[],"categories":[1],"tags":[],"_links":{"self":[{"href":"https:\/\/nkknin.hr\/index.php\/wp-json\/wp\/v2\/posts\/2044"}],"collection":[{"href":"https:\/\/nkknin.hr\/index.php\/wp-json\/wp\/v2\/posts"}],"about":[{"href":"https:\/\/nkknin.hr\/index.php\/wp-json\/wp\/v2\/types\/post"}],"author":[{"embeddable":true,"href":"https:\/\/nkknin.hr\/index.php\/wp-json\/wp\/v2\/users\/1"}],"replies":[{"embeddable":true,"href":"https:\/\/nkknin.hr\/index.php\/wp-json\/wp\/v2\/comments?post=2044"}],"version-history":[{"count":1,"href":"https:\/\/nkknin.hr\/index.php\/wp-json\/wp\/v2\/posts\/2044\/revisions"}],"predecessor-version":[{"id":2046,"href":"https:\/\/nkknin.hr\/index.php\/wp-json\/wp\/v2\/posts\/2044\/revisions\/2046"}],"wp:attachment":[{"href":"https:\/\/nkknin.hr\/index.php\/wp-json\/wp\/v2\/media?parent=2044"}],"wp:term":[{"taxonomy":"category","embeddable":true,"href":"https:\/\/nkknin.hr\/index.php\/wp-json\/wp\/v2\/categories?post=2044"},{"taxonomy":"post_tag","embeddable":true,"href":"https:\/\/nkknin.hr\/index.php\/wp-json\/wp\/v2\/tags?post=2044"}],"curies":[{"name":"wp","href":"https:\/\/api.w.org\/{rel}","templated":true}]}}