{"id":2009,"date":"2021-10-27T10:57:54","date_gmt":"2021-10-27T10:57:54","guid":{"rendered":"http:\/\/nkknin.hr\/?p=2009"},"modified":"2021-10-27T10:57:56","modified_gmt":"2021-10-27T10:57:56","slug":"ema-cigic-pobjednica-gradskog-natjecanja-u-citanju-naglas-odrzanog-u-knjiznici","status":"publish","type":"post","link":"https:\/\/nkknin.hr\/index.php\/2021\/10\/27\/ema-cigic-pobjednica-gradskog-natjecanja-u-citanju-naglas-odrzanog-u-knjiznici\/","title":{"rendered":"Ema Cigi\u0107 pobjednica gradskog natjecanja u \u010ditanju naglas odr\u017eanog u knji\u017enici"},"content":{"rendered":"\n<figure class=\"wp-block-image size-large\"><img loading=\"lazy\" width=\"1500\" height=\"2000\" src=\"http:\/\/nkknin.hr\/wp-content\/uploads\/2021\/10\/248870718_4729426143761901_8233056271912319023_n.jpg\" alt=\"\" class=\"wp-image-2010\" srcset=\"https:\/\/nkknin.hr\/wp-content\/uploads\/2021\/10\/248870718_4729426143761901_8233056271912319023_n.jpg 1500w, https:\/\/nkknin.hr\/wp-content\/uploads\/2021\/10\/248870718_4729426143761901_8233056271912319023_n-225x300.jpg 225w, https:\/\/nkknin.hr\/wp-content\/uploads\/2021\/10\/248870718_4729426143761901_8233056271912319023_n-1152x1536.jpg 1152w, https:\/\/nkknin.hr\/wp-content\/uploads\/2021\/10\/248870718_4729426143761901_8233056271912319023_n-375x500.jpg 375w\" sizes=\"(max-width: 1500px) 100vw, 1500px\" \/><\/figure>\n\n\n\n<p>Ema Cigi\u0107, u\u010denica 4b razreda O\u0160 dr. Franje Tu\u0111mana pobjednica je gradskog natjecanja u \u010ditanju naglas u mla\u0111oj kategoriji<\/p>\n\n\n\n<p>Ju\u010der se u kninskoj knji\u017enici odr\u017eala gradska razina Natjecanja u \u010ditanju naglas koje za cilj ima poticanje i popularizaciju knjige, \u010ditanja i \u010ditanja naglas.<\/p>\n\n\n\n<p>Ema Cigi\u0107 \u010ditala je najizra\u017eajnije, odlu\u010dila je tako prosudbena komisija u sastavu Ivanka Mari\u010di\u0107 &#8211; knji\u017eni\u010darka, Sun\u010dica Cokari\u0107 &#8211; diplomirana kroatistica i talijanistica i Katarina Mari\u0107 &#8211; magistra bibliotekarstva.<\/p>\n\n\n\n<p>Ema se pobjedom na gradskom natjecanju plasirala na \u017eupanijsko natjecanje u mla\u0111oj kategoriji (od 3. do 5. razreda). Njena mentorica je Olivera Franji\u0107.<\/p>\n","protected":false},"excerpt":{"rendered":"<p>Ema Cigi\u0107, u\u010denica 4b razreda O\u0160 dr. Franje Tu\u0111mana pobjednica je gradskog natjecanja u \u010ditanju naglas u mla\u0111oj kategoriji Ju\u010der se u kninskoj knji\u017enici odr\u017eala gradska razina Natjecanja u \u010ditanju naglas koje za cilj ima poticanje i popularizaciju knjige, \u010ditanja i \u010ditanja naglas. Ema Cigi\u0107 \u010ditala je najizra\u017eajnije, odlu\u010dila je tako prosudbena komisija u sastavu [&hellip;]<\/p>\n","protected":false},"author":1,"featured_media":0,"comment_status":"open","ping_status":"open","sticky":false,"template":"","format":"standard","meta":[],"categories":[1],"tags":[],"_links":{"self":[{"href":"https:\/\/nkknin.hr\/index.php\/wp-json\/wp\/v2\/posts\/2009"}],"collection":[{"href":"https:\/\/nkknin.hr\/index.php\/wp-json\/wp\/v2\/posts"}],"about":[{"href":"https:\/\/nkknin.hr\/index.php\/wp-json\/wp\/v2\/types\/post"}],"author":[{"embeddable":true,"href":"https:\/\/nkknin.hr\/index.php\/wp-json\/wp\/v2\/users\/1"}],"replies":[{"embeddable":true,"href":"https:\/\/nkknin.hr\/index.php\/wp-json\/wp\/v2\/comments?post=2009"}],"version-history":[{"count":1,"href":"https:\/\/nkknin.hr\/index.php\/wp-json\/wp\/v2\/posts\/2009\/revisions"}],"predecessor-version":[{"id":2011,"href":"https:\/\/nkknin.hr\/index.php\/wp-json\/wp\/v2\/posts\/2009\/revisions\/2011"}],"wp:attachment":[{"href":"https:\/\/nkknin.hr\/index.php\/wp-json\/wp\/v2\/media?parent=2009"}],"wp:term":[{"taxonomy":"category","embeddable":true,"href":"https:\/\/nkknin.hr\/index.php\/wp-json\/wp\/v2\/categories?post=2009"},{"taxonomy":"post_tag","embeddable":true,"href":"https:\/\/nkknin.hr\/index.php\/wp-json\/wp\/v2\/tags?post=2009"}],"curies":[{"name":"wp","href":"https:\/\/api.w.org\/{rel}","templated":true}]}}